{"id":96856,"date":"2026-03-26T18:37:32","date_gmt":"2026-03-26T21:37:32","guid":{"rendered":"https:\/\/www.radiochiloe.cl\/?p=96856"},"modified":"2026-03-26T18:37:32","modified_gmt":"2026-03-26T21:37:32","slug":"presidente-de-salmonchile-y-subsecretario-de-pesca-realizan-visita-tecnica-a-empresas-estrategicas-del-sector-productivo","status":"publish","type":"post","link":"https:\/\/www.radiochiloe.cl\/?p=96856","title":{"rendered":"Presidente de SalmonChile y Subsecretario de Pesca realizan visita t\u00e9cnica a empresas estrat\u00e9gicas del sector productivo."},"content":{"rendered":"<p style=\"text-align: justify;\">El presidente de SalmonChile, Patricio Melero, junto al Subsecretario de Pesca y Acuicultura, Osvaldo Urrutia, realizaron una visita t\u00e9cnica a dos importantes proveedores estrat\u00e9gicos de la salmonicultura nacional, con el objetivo de conocer en terreno los avances tecnol\u00f3gicos y nuevos proyectos que fortalecen la sostenibilidad del sector.<\/p>\n<p style=\"text-align: justify;\">La delegaci\u00f3n, que tambi\u00e9n incluy\u00f3 a Tom\u00e1s Monge, gerente general de SalmonChile, Mar\u00eda Alicia Baltierra, asesora jur\u00eddica de la asociaci\u00f3n gremial, y equipos t\u00e9cnicos de la Subsecretar\u00eda de Pesca, inici\u00f3 su recorrido en las instalaciones de Compas Marine, donde fueron recibidos por Jorge Pacheco, fundador de la compa\u00f1\u00eda, y equipos directivos.<\/p>\n<p style=\"text-align: justify;\">Durante la visita a Compas Marine, los ejecutivos presentaron sus nuevas instalaciones y los proyectos que tienen en carpeta, destacando particularmente los servicios mar\u00edtimos que est\u00e1n desarrollando, inversiones,\u00a0 sus nuevas salas de monitoreo de operaciones y las innovaciones tecnol\u00f3gicas orientadas a mejorar la seguridad, eficiencia y sostenibilidad de las operaciones acu\u00edcolas.<\/p>\n<p style=\"text-align: justify;\">\u201cEsta visita nos permite observar de primera fuente el trabajo que est\u00e1n realizando nuestros proveedores y los avances en innovaci\u00f3n que fortalecen la cadena de valor de la salmonicultura chilena\u00bb, se\u00f1al\u00f3 Patricio Melero, presidente de SalmonChile. \u00abEl trabajo conjunto entre autoridades, gremios y empresas es fundamental para seguir potenciando una actividad sostenible y competitiva a nivel mundial\u201d.<\/p>\n<p style=\"text-align: justify;\">Posteriormente, la comitiva se traslad\u00f3 a las instalaciones de GripShip, donde fueron recibidos por Jorge Maluenda, Country Manager, y equipos. En este recorrido, pudieron conocer en detalle el funcionamiento de los wellboats, embarcaciones especializadas en el transporte de peces vivos, observando los procesos de \u00f3smosis, sistemas de tratamiento de aguas y las tecnolog\u00edas implementadas para el control del caligus, entre otros aspectos operacionales.<\/p>\n<p style=\"text-align: justify;\">La actividad form\u00f3 parte de las iniciativas impulsadas por SalmonChile para fortalecer el di\u00e1logo entre el sector p\u00fablico y privado, generando espacios de conocimiento mutuo que contribuyan al desarrollo sostenible de la salmonicultura chilena, uno de los principales motores econ\u00f3micos de la zona sur del pa\u00eds.<\/p>\n","protected":false},"excerpt":{"rendered":"<p>El presidente de SalmonChile, Patricio Melero, junto al Subsecretario de Pesca y Acuicultura, Osvaldo Urrutia, realizaron una visita t\u00e9cnica a dos importantes proveedores estrat\u00e9gicos de la salmonicultura nacional, con el objetivo de conocer en terreno los avances tecnol\u00f3gicos y nuevos proyectos que fortalecen la sostenibilidad del sector. La delegaci\u00f3n, que tambi\u00e9n incluy\u00f3 a Tom\u00e1s Monge, [&hellip;]<\/p>\n","protected":false},"author":9,"featured_media":96859,"comment_status":"closed","ping_status":"closed","sticky":false,"template":"","format":"standard","meta":[],"categories":[3],"tags":[5],"jetpack_featured_media_url":"https:\/\/www.radiochiloe.cl\/wp-content\/uploads\/2026\/03\/SalmonChile-y-Subsecretario-1-e1774561016315.jpeg","_links":{"self":[{"href":"https:\/\/www.radiochiloe.cl\/index.php?rest_route=\/wp\/v2\/posts\/96856"}],"collection":[{"href":"https:\/\/www.radiochiloe.cl\/index.php?rest_route=\/wp\/v2\/posts"}],"about":[{"href":"https:\/\/www.radiochiloe.cl\/index.php?rest_route=\/wp\/v2\/types\/post"}],"author":[{"embeddable":true,"href":"https:\/\/www.radiochiloe.cl\/index.php?rest_route=\/wp\/v2\/users\/9"}],"replies":[{"embeddable":true,"href":"https:\/\/www.radiochiloe.cl\/index.php?rest_route=%2Fwp%2Fv2%2Fcomments&post=96856"}],"version-history":[{"count":2,"href":"https:\/\/www.radiochiloe.cl\/index.php?rest_route=\/wp\/v2\/posts\/96856\/revisions"}],"predecessor-version":[{"id":96860,"href":"https:\/\/www.radiochiloe.cl\/index.php?rest_route=\/wp\/v2\/posts\/96856\/revisions\/96860"}],"wp:featuredmedia":[{"embeddable":true,"href":"https:\/\/www.radiochiloe.cl\/index.php?rest_route=\/wp\/v2\/media\/96859"}],"wp:attachment":[{"href":"https:\/\/www.radiochiloe.cl\/index.php?rest_route=%2Fwp%2Fv2%2Fmedia&parent=96856"}],"wp:term":[{"taxonomy":"category","embeddable":true,"href":"https:\/\/www.radiochiloe.cl\/index.php?rest_route=%2Fwp%2Fv2%2Fcategories&post=96856"},{"taxonomy":"post_tag","embeddable":true,"href":"https:\/\/www.radiochiloe.cl\/index.php?rest_route=%2Fwp%2Fv2%2Ftags&post=96856"}],"curies":[{"name":"wp","href":"https:\/\/api.w.org\/{rel}","templated":true}]}}