{"id":96865,"date":"2026-03-30T14:24:26","date_gmt":"2026-03-30T17:24:26","guid":{"rendered":"https:\/\/www.radiochiloe.cl\/?p=96865"},"modified":"2026-03-30T14:24:26","modified_gmt":"2026-03-30T17:24:26","slug":"castro-se-concreta-tercera-donacion-de-libros-a-isla-quehui-en-la-antesala-del-mes-del-libro","status":"publish","type":"post","link":"https:\/\/www.radiochiloe.cl\/?p=96865","title":{"rendered":"Castro: se concreta tercera donaci\u00f3n de libros a Isla Quehui en la antesala del Mes del Libro."},"content":{"rendered":"<p style=\"text-align: justify;\">En el marco del Mes del Libro y la Lectura, la Biblioteca P\u00fablica de Castro, dependiente de la Corporaci\u00f3n Municipal, realiz\u00f3 una nueva donaci\u00f3n de libros a la biblioteca comunitaria de Isla Quehui, ubicada en la delegaci\u00f3n municipal del territorio.<\/p>\n<p style=\"text-align: justify;\">Se trata de la tercera entrega de ejemplares en este espacio, iniciativa que se desarrolla en conjunto con la Direcci\u00f3n de Cultura y Turismo de la Municipalidad de Castro, con el objetivo de fortalecer el acceso a la lectura en sectores insulares de la comuna.<\/p>\n<p style=\"text-align: justify;\">En esta ocasi\u00f3n, la donaci\u00f3n super\u00f3 los 200 libros, incorporando t\u00edtulos de literatura, <em>best sellers<\/em>, autoayuda y textos vinculados a Chilo\u00e9, los que permitir\u00e1n ampliar la colecci\u00f3n disponible para la comunidad.<\/p>\n<p style=\"text-align: justify;\">El director de la Biblioteca P\u00fablica de Castro, Ignacio Ib\u00e1\u00f1ez, destac\u00f3 el trabajo colaborativo que ha permitido consolidar este espacio lector:<\/p>\n<!--[if lt IE 9]><script>document.createElement('audio');<\/script><![endif]-->\n<audio class=\"wp-audio-shortcode\" id=\"audio-96865-1\" preload=\"none\" style=\"width: 100%;\" controls=\"controls\"><source type=\"audio\/mpeg\" src=\"https:\/\/www.radiochiloe.cl\/wp-content\/uploads\/2026\/03\/CUNA-IGNACIO-IBANEZ-DONACION-LIBROS.mp3?_=1\" \/><a href=\"https:\/\/www.radiochiloe.cl\/wp-content\/uploads\/2026\/03\/CUNA-IGNACIO-IBANEZ-DONACION-LIBROS.mp3\">https:\/\/www.radiochiloe.cl\/wp-content\/uploads\/2026\/03\/CUNA-IGNACIO-IBANEZ-DONACION-LIBROS.mp3<\/a><\/audio>\n<p style=\"text-align: justify;\">Desde la Direcci\u00f3n de Cultura y Turismo, la profesional B\u00e1rbara Elmudesi destac\u00f3 que esta iniciativa se enmarca en el programa Cultura en los Barrios y coincide con el primer a\u00f1o de funcionamiento de la biblioteca comunitaria:<\/p>\n<audio class=\"wp-audio-shortcode\" id=\"audio-96865-2\" preload=\"none\" style=\"width: 100%;\" controls=\"controls\"><source type=\"audio\/mpeg\" src=\"https:\/\/www.radiochiloe.cl\/wp-content\/uploads\/2026\/03\/CUNA-BARBARA-ELMUDESI-DONACION-LIBROS.mp3?_=2\" \/><a href=\"https:\/\/www.radiochiloe.cl\/wp-content\/uploads\/2026\/03\/CUNA-BARBARA-ELMUDESI-DONACION-LIBROS.mp3\">https:\/\/www.radiochiloe.cl\/wp-content\/uploads\/2026\/03\/CUNA-BARBARA-ELMUDESI-DONACION-LIBROS.mp3<\/a><\/audio>\n<p style=\"text-align: justify;\">Por su parte, la delegada municipal de las islas Quehui y Chelin, Ana D\u00edaz, valor\u00f3 el impacto de la donaci\u00f3n en el uso de la biblioteca comunitaria:<\/p>\n<audio class=\"wp-audio-shortcode\" id=\"audio-96865-3\" preload=\"none\" style=\"width: 100%;\" controls=\"controls\"><source type=\"audio\/mpeg\" src=\"https:\/\/www.radiochiloe.cl\/wp-content\/uploads\/2026\/03\/CUNA-ANA-DIAZ-DONACION-LIBROS.mp3?_=3\" \/><a href=\"https:\/\/www.radiochiloe.cl\/wp-content\/uploads\/2026\/03\/CUNA-ANA-DIAZ-DONACION-LIBROS.mp3\">https:\/\/www.radiochiloe.cl\/wp-content\/uploads\/2026\/03\/CUNA-ANA-DIAZ-DONACION-LIBROS.mp3<\/a><\/audio>\n<p style=\"text-align: justify;\">La iniciativa considera ejemplares aportados por escritores y vecinos de la comuna, reforzando el car\u00e1cter colaborativo de una biblioteca que, a un a\u00f1o de su creaci\u00f3n, contin\u00faa creciendo y consolid\u00e1ndose como punto de encuentro para la comunidad de Isla Quehui.<\/p>\n<p style=\"text-align: justify;\">La Municipalidad de Castro reafirma as\u00ed su compromiso con el fomento lector y el acceso equitativo a la cultura en todo el territorio.<\/p>\n","protected":false},"excerpt":{"rendered":"<p>En el marco del Mes del Libro y la Lectura, la Biblioteca P\u00fablica de Castro, dependiente de la Corporaci\u00f3n Municipal, realiz\u00f3 una nueva donaci\u00f3n de libros a la biblioteca comunitaria de Isla Quehui, ubicada en la delegaci\u00f3n municipal del territorio. Se trata de la tercera entrega de ejemplares en este espacio, iniciativa que se desarrolla [&hellip;]<\/p>\n","protected":false},"author":9,"featured_media":96869,"comment_status":"closed","ping_status":"closed","sticky":false,"template":"","format":"audio","meta":[],"categories":[3],"tags":[5],"jetpack_featured_media_url":"https:\/\/www.radiochiloe.cl\/wp-content\/uploads\/2026\/03\/biblioteca-quehui-2-e1774891336681.jpeg","_links":{"self":[{"href":"https:\/\/www.radiochiloe.cl\/index.php?rest_route=\/wp\/v2\/posts\/96865"}],"collection":[{"href":"https:\/\/www.radiochiloe.cl\/index.php?rest_route=\/wp\/v2\/posts"}],"about":[{"href":"https:\/\/www.radiochiloe.cl\/index.php?rest_route=\/wp\/v2\/types\/post"}],"author":[{"embeddable":true,"href":"https:\/\/www.radiochiloe.cl\/index.php?rest_route=\/wp\/v2\/users\/9"}],"replies":[{"embeddable":true,"href":"https:\/\/www.radiochiloe.cl\/index.php?rest_route=%2Fwp%2Fv2%2Fcomments&post=96865"}],"version-history":[{"count":1,"href":"https:\/\/www.radiochiloe.cl\/index.php?rest_route=\/wp\/v2\/posts\/96865\/revisions"}],"predecessor-version":[{"id":96870,"href":"https:\/\/www.radiochiloe.cl\/index.php?rest_route=\/wp\/v2\/posts\/96865\/revisions\/96870"}],"wp:featuredmedia":[{"embeddable":true,"href":"https:\/\/www.radiochiloe.cl\/index.php?rest_route=\/wp\/v2\/media\/96869"}],"wp:attachment":[{"href":"https:\/\/www.radiochiloe.cl\/index.php?rest_route=%2Fwp%2Fv2%2Fmedia&parent=96865"}],"wp:term":[{"taxonomy":"category","embeddable":true,"href":"https:\/\/www.radiochiloe.cl\/index.php?rest_route=%2Fwp%2Fv2%2Fcategories&post=96865"},{"taxonomy":"post_tag","embeddable":true,"href":"https:\/\/www.radiochiloe.cl\/index.php?rest_route=%2Fwp%2Fv2%2Ftags&post=96865"}],"curies":[{"name":"wp","href":"https:\/\/api.w.org\/{rel}","templated":true}]}}