{"id":96983,"date":"2026-04-28T19:49:37","date_gmt":"2026-04-28T22:49:37","guid":{"rendered":"https:\/\/www.radiochiloe.cl\/?p=96983"},"modified":"2026-04-28T19:49:37","modified_gmt":"2026-04-28T22:49:37","slug":"castro-en-cuenta-publica-de-gestion-alcalde-elgueta-destaca-fortalecimiento-de-iniciativas-sociales-e-invita-a-todos-a-seguir-trabajando-sin-divisiones-por-la-comuna","status":"publish","type":"post","link":"https:\/\/www.radiochiloe.cl\/?p=96983","title":{"rendered":"Castro: en Cuenta P\u00fablica de Gesti\u00f3n alcalde Elgueta destaca fortalecimiento de iniciativas sociales e invita a todos a seguir trabajando sin divisiones por la comuna."},"content":{"rendered":"<p style=\"text-align: justify;\">Con una amplia presencia de autoridades, l\u00edderes vecinales, representantes de organizaciones y otros, se desarroll\u00f3 la Cuenta P\u00fablica, correspondiente a la gesti\u00f3n 2025 de la Ilustre Municipalidad de Castro.<\/p>\n<p style=\"text-align: justify;\">El alcalde Baltazar Elgueta present\u00f3 ante el Concejo Municipal los principales hitos de su administraci\u00f3n, resaltando avances en materia de obras, seguridad, cultura, deporte e impulso al emprendimiento. Tambi\u00e9n hizo referencia los desaf\u00edos que se han presentado en material de salud y tambi\u00e9n el traspaso de la educaci\u00f3n p\u00fablica del Municipio al SLEP.<\/p>\n<p style=\"text-align: justify;\">Los concejales Jorge Luis B\u00f3rquez, Ignacio \u00c1lvarez, Enrique Soto y Pablo Barrientos, participaron de la sesi\u00f3n en la testera, junto al secretario Municipal Dante Montiel.<\/p>\n<p style=\"text-align: justify;\">El alcalde reconoci\u00f3 que, aunque hay necesidades que a\u00fan siguen pendientes, como municipio \u00abhemos asumido las responsabilidades y hemos trabajado con compromiso\u00bb, agregando que \u00abnos ha tocado retomar procesos, reactivar iniciativas que estaban detenidas y mejorar la forma en que el Municipio responde a la comunidad\u00bb.<\/p>\n<p style=\"text-align: justify;\">En ese sentido, un tema especialmente relevante ha sido el terminal municipal, desarrollando un proyecto no solo pensando en su infraestructura, sino que tambi\u00e9n en el orden, la seguridad y \u201cel respeto por qui\u00e9nes los usan todos los d\u00edas\u00bb.<\/p>\n<p>Elgueta ademas hizo una invitaci\u00f3n a la comunidad a informarse de manera adecuada resaltando que \u00abel municipio es de puertas abiertas\u00bb:<\/p>\n<!--[if lt IE 9]><script>document.createElement('audio');<\/script><![endif]-->\n<audio class=\"wp-audio-shortcode\" id=\"audio-96983-1\" preload=\"none\" style=\"width: 100%;\" controls=\"controls\"><source type=\"audio\/mpeg\" src=\"https:\/\/www.radiochiloe.cl\/wp-content\/uploads\/2026\/04\/Alcalde-elgueta-cierre-cuenta-publica.mp3?_=1\" \/><a href=\"https:\/\/www.radiochiloe.cl\/wp-content\/uploads\/2026\/04\/Alcalde-elgueta-cierre-cuenta-publica.mp3\">https:\/\/www.radiochiloe.cl\/wp-content\/uploads\/2026\/04\/Alcalde-elgueta-cierre-cuenta-publica.mp3<\/a><\/audio>\n<p style=\"text-align: justify;\">Por otro lado, la m\u00e1xima autoridad comunal reconoci\u00f3 a los equipos municipales, pues \u00abel apoyo social no puede ser improvisado\u00bb. Destac\u00f3 el trabajo en terreno, la voluntad y el di\u00e1logo aceptando las cr\u00edticas constructivas.<\/p>\n<p style=\"text-align: justify;\">Ante ello record\u00f3 un ejemplo de gesti\u00f3n municipal y compromiso con la inclusi\u00f3n. Se trata del caso de don Jos\u00e9 Bahamonde, quien se convirti\u00f3 en la primera persona sorda en obtener licencia de conducir en Castro, tras 20 a\u00f1os. Con el apoyo de la int\u00e9rprete en lengua de se\u00f1as, Javiera Mu\u00f1oz, el municipio se logr\u00f3 adaptar para ofrecer nuevas oportunidades.<\/p>\n<p>El edil, adem\u00e1s, reconoci\u00f3 el trabajo de los equipos municipales y solicit\u00f3 respeto para ese trabajo:<\/p>\n<audio class=\"wp-audio-shortcode\" id=\"audio-96983-2\" preload=\"none\" style=\"width: 100%;\" controls=\"controls\"><source type=\"audio\/mpeg\" src=\"https:\/\/www.radiochiloe.cl\/wp-content\/uploads\/2026\/04\/alcalde-por-criticas-constructivas.mp3?_=2\" \/><a href=\"https:\/\/www.radiochiloe.cl\/wp-content\/uploads\/2026\/04\/alcalde-por-criticas-constructivas.mp3\">https:\/\/www.radiochiloe.cl\/wp-content\/uploads\/2026\/04\/alcalde-por-criticas-constructivas.mp3<\/a><\/audio>\n<p style=\"text-align: justify;\">Finalmente, el alcalde Elgueta invito a todos y todas a ser parte de los avances de la comuna, se\u00f1alando que: \u201cCastro no puede avanzar desde la divisi\u00f3n, ni crecer desde la descalificaci\u00f3n, ni aceptar la violencia como forma de relacionarnos. Podemos pensar distinto, podemos tener diferencias, pero no podemos perder el respeto. Mi invitaci\u00f3n es directa, ac\u00e9rquense, pregunten, inf\u00f3rmense. Este municipio tiene las puertas abiertas, aqu\u00ed no nos escondemos, aqu\u00ed damos la cara, porque finalmente, m\u00e1s all\u00e1 de cualquier diferencia, hay algo que nuestra comuna necesita, volver a sentir confianza, la confianza en las instituciones, en el municipio y entre vecinos\u201d.<\/p>\n","protected":false},"excerpt":{"rendered":"<p>Con una amplia presencia de autoridades, l\u00edderes vecinales, representantes de organizaciones y otros, se desarroll\u00f3 la Cuenta P\u00fablica, correspondiente a la gesti\u00f3n 2025 de la Ilustre Municipalidad de Castro. El alcalde Baltazar Elgueta present\u00f3 ante el Concejo Municipal los principales hitos de su administraci\u00f3n, resaltando avances en materia de obras, seguridad, cultura, deporte e impulso [&hellip;]<\/p>\n","protected":false},"author":9,"featured_media":96987,"comment_status":"closed","ping_status":"closed","sticky":false,"template":"","format":"audio","meta":[],"categories":[3],"tags":[5],"jetpack_featured_media_url":"https:\/\/www.radiochiloe.cl\/wp-content\/uploads\/2026\/04\/WhatsApp-Image-2026-04-27-at-19.19.07-e1777416461187.jpeg","_links":{"self":[{"href":"https:\/\/www.radiochiloe.cl\/index.php?rest_route=\/wp\/v2\/posts\/96983"}],"collection":[{"href":"https:\/\/www.radiochiloe.cl\/index.php?rest_route=\/wp\/v2\/posts"}],"about":[{"href":"https:\/\/www.radiochiloe.cl\/index.php?rest_route=\/wp\/v2\/types\/post"}],"author":[{"embeddable":true,"href":"https:\/\/www.radiochiloe.cl\/index.php?rest_route=\/wp\/v2\/users\/9"}],"replies":[{"embeddable":true,"href":"https:\/\/www.radiochiloe.cl\/index.php?rest_route=%2Fwp%2Fv2%2Fcomments&post=96983"}],"version-history":[{"count":2,"href":"https:\/\/www.radiochiloe.cl\/index.php?rest_route=\/wp\/v2\/posts\/96983\/revisions"}],"predecessor-version":[{"id":96988,"href":"https:\/\/www.radiochiloe.cl\/index.php?rest_route=\/wp\/v2\/posts\/96983\/revisions\/96988"}],"wp:featuredmedia":[{"embeddable":true,"href":"https:\/\/www.radiochiloe.cl\/index.php?rest_route=\/wp\/v2\/media\/96987"}],"wp:attachment":[{"href":"https:\/\/www.radiochiloe.cl\/index.php?rest_route=%2Fwp%2Fv2%2Fmedia&parent=96983"}],"wp:term":[{"taxonomy":"category","embeddable":true,"href":"https:\/\/www.radiochiloe.cl\/index.php?rest_route=%2Fwp%2Fv2%2Fcategories&post=96983"},{"taxonomy":"post_tag","embeddable":true,"href":"https:\/\/www.radiochiloe.cl\/index.php?rest_route=%2Fwp%2Fv2%2Ftags&post=96983"}],"curies":[{"name":"wp","href":"https:\/\/api.w.org\/{rel}","templated":true}]}}