{"id":96989,"date":"2026-04-29T13:08:35","date_gmt":"2026-04-29T16:08:35","guid":{"rendered":"https:\/\/www.radiochiloe.cl\/?p=96989"},"modified":"2026-04-29T13:08:35","modified_gmt":"2026-04-29T16:08:35","slug":"declaracion-de-salmonchile-frente-al-plan-de-reconstruccion-nacional","status":"publish","type":"post","link":"https:\/\/www.radiochiloe.cl\/?p=96989","title":{"rendered":"Declaraci\u00f3n de SalmonChile frente  al Plan de Reconstrucci\u00f3n Nacional."},"content":{"rendered":"<p style=\"text-align: justify;\">Tras conocer en detalle las medidas espec\u00edficas incluidas en el Plan de Reconstrucci\u00f3n Nacional presentado por el Presidente Kast, en SalmonChile consideramos que este proyecto de ley avanza en generar mayores certezas, competitividad y aporta a la sostenibilidad de nuestro sector productivo.<\/p>\n<p>Al respecto, Patricio Melero, Presidente de Salmonchile, se\u00f1al\u00f3:<\/p>\n<div style=\"width: 940px;\" class=\"wp-video\"><!--[if lt IE 9]><script>document.createElement('video');<\/script><![endif]-->\n<video class=\"wp-video-shortcode\" id=\"video-96989-1\" width=\"940\" height=\"529\" preload=\"metadata\" controls=\"controls\"><source type=\"video\/mp4\" src=\"https:\/\/www.radiochiloe.cl\/wp-content\/uploads\/2026\/04\/Declaracion-SalmonChile-_-Video-1.mp4?_=1\" \/><a href=\"https:\/\/www.radiochiloe.cl\/wp-content\/uploads\/2026\/04\/Declaracion-SalmonChile-_-Video-1.mp4\">https:\/\/www.radiochiloe.cl\/wp-content\/uploads\/2026\/04\/Declaracion-SalmonChile-_-Video-1.mp4<\/a><\/video><\/div>\n<p style=\"text-align: justify;\">Las modificaciones propuestas, especialmente aquellas relacionadas con la simplificaci\u00f3n de los procesos de relocalizaci\u00f3n, representan una correcci\u00f3n necesaria a un sistema que ha demostrado ser inoperante, donde de m\u00e1s de mil solicitudes presentadas en los \u00faltimos a\u00f1os, apenas dos han sido exitosas. Esta realidad no solo ha afectado la operaci\u00f3n \u00f3ptima de nuestras concesiones sino tambi\u00e9n la implementaci\u00f3n de ajustes que podr\u00edan beneficiar tanto la productividad como el desempe\u00f1o ambiental.<\/p>\n<p style=\"text-align: justify;\">Se establece un nuevo sistema de procedimientos para la elaboraci\u00f3n de informes sobre bancos naturales e informes ambientales, resguardando siempre que sea el Estado quien los encargue sin intervenci\u00f3n de ninguna especie por parte del titular.<\/p>\n<p style=\"text-align: justify;\">Valoramos, tambi\u00e9n, la agilizaci\u00f3n de los informes t\u00e9cnicos y ambientales mediante un sistema m\u00e1s expedito y la focalizaci\u00f3n en par\u00e1metros verdaderamente relevantes para el monitoreo ambiental, medidas que responden a nuestro llamado por una institucionalidad eficiente que permita el desarrollo productivo sin sacrificar el cuidado del entorno.<\/p>\n<p style=\"text-align: justify;\">Asimismo, consideramos positivo que el proyecto de ley exija a las autoridades coordinarse respecto de los requerimientos a los par\u00e1metros ambientales de la acuicultura, y no establecer exigencias por cada uno de ellos, lo que ha sido una demanda hist\u00f3rica de nuestro sector.<\/p>\n<p style=\"text-align: justify;\">En cuanto al reemplazo de la caducidad por no uso por un sistema de patentes progresivas, esta modificaci\u00f3n permitir\u00e1 que las decisiones productivas respondan a criterios t\u00e9cnicos, sanitarios y econ\u00f3micos m\u00e1s adecuados.<\/p>\n<p style=\"text-align: justify;\">Estas medidas tendr\u00e1n un impacto directo en la competitividad de nuestro sector, que representa el 2,1% del PIB nacional y sostiene una cadena productiva de m\u00e1s de 4.000 pymes y 86.000 empleos, principalmente en las regiones australes. Con estas mejoras, se est\u00e1 dinamizando todo el ecosistema productivo que depende de la salmonicultura.<\/p>\n<p style=\"text-align: justify;\">Esperamos que el Congreso Nacional sintonice con la urgencia de las demandas de nuestro sector, que impactan directamente sobre el empleo y desarrollo de cientos de peque\u00f1as y medianas empresas que forman parte de nuestra cadena de valor. La salmonicultura chilena ha demostrado consistentemente su capacidad para innovar y elevar sus est\u00e1ndares ambientales, y estas medidas nos permitir\u00e1n seguir avanzando en ese camino, conciliando desarrollo econ\u00f3mico con sustentabilidad.<\/p>\n<p style=\"text-align: justify;\">Reafirmamos nuestro compromiso con el desarrollo sostenible del sur austral y del pa\u00eds entero, y estamos disponibles para seguir dialogando constructivamente con todos los sectores para que Chile pueda aprovechar plenamente el potencial de la acuicultura, generando empleo, innovaci\u00f3n y desarrollo territorial.<\/p>\n<p>Foto archivo radiochiloe.cl<\/p>\n","protected":false},"excerpt":{"rendered":"<p>Tras conocer en detalle las medidas espec\u00edficas incluidas en el Plan de Reconstrucci\u00f3n Nacional presentado por el Presidente Kast, en SalmonChile consideramos que este proyecto de ley avanza en generar mayores certezas, competitividad y aporta a la sostenibilidad de nuestro sector productivo. Al respecto, Patricio Melero, Presidente de Salmonchile, se\u00f1al\u00f3: Las modificaciones propuestas, especialmente aquellas [&hellip;]<\/p>\n","protected":false},"author":9,"featured_media":96734,"comment_status":"closed","ping_status":"closed","sticky":false,"template":"","format":"standard","meta":[],"categories":[3],"tags":[5],"jetpack_featured_media_url":"https:\/\/www.radiochiloe.cl\/wp-content\/uploads\/2025\/12\/WhatsApp-Image-2025-12-09-at-1.51.10-PM-e1765299135653.jpeg","_links":{"self":[{"href":"https:\/\/www.radiochiloe.cl\/index.php?rest_route=\/wp\/v2\/posts\/96989"}],"collection":[{"href":"https:\/\/www.radiochiloe.cl\/index.php?rest_route=\/wp\/v2\/posts"}],"about":[{"href":"https:\/\/www.radiochiloe.cl\/index.php?rest_route=\/wp\/v2\/types\/post"}],"author":[{"embeddable":true,"href":"https:\/\/www.radiochiloe.cl\/index.php?rest_route=\/wp\/v2\/users\/9"}],"replies":[{"embeddable":true,"href":"https:\/\/www.radiochiloe.cl\/index.php?rest_route=%2Fwp%2Fv2%2Fcomments&post=96989"}],"version-history":[{"count":2,"href":"https:\/\/www.radiochiloe.cl\/index.php?rest_route=\/wp\/v2\/posts\/96989\/revisions"}],"predecessor-version":[{"id":96992,"href":"https:\/\/www.radiochiloe.cl\/index.php?rest_route=\/wp\/v2\/posts\/96989\/revisions\/96992"}],"wp:featuredmedia":[{"embeddable":true,"href":"https:\/\/www.radiochiloe.cl\/index.php?rest_route=\/wp\/v2\/media\/96734"}],"wp:attachment":[{"href":"https:\/\/www.radiochiloe.cl\/index.php?rest_route=%2Fwp%2Fv2%2Fmedia&parent=96989"}],"wp:term":[{"taxonomy":"category","embeddable":true,"href":"https:\/\/www.radiochiloe.cl\/index.php?rest_route=%2Fwp%2Fv2%2Fcategories&post=96989"},{"taxonomy":"post_tag","embeddable":true,"href":"https:\/\/www.radiochiloe.cl\/index.php?rest_route=%2Fwp%2Fv2%2Ftags&post=96989"}],"curies":[{"name":"wp","href":"https:\/\/api.w.org\/{rel}","templated":true}]}}