{"id":97348,"date":"2026-09-01T11:45:59","date_gmt":"2026-09-01T14:45:59","guid":{"rendered":"https:\/\/www.radiochiloe.cl\/?p=97348"},"modified":"2026-09-01T11:45:59","modified_gmt":"2026-09-01T14:45:59","slug":"liga-saesa-cerro-su-temporada-cestera","status":"publish","type":"post","link":"https:\/\/www.radiochiloe.cl\/?p=97348","title":{"rendered":"Liga Saesa cerr\u00f3 su temporada cestera"},"content":{"rendered":"<p style=\"text-align: justify;\">El Gimnasio Municipal Mario Marchant Binder de Puerto Montt vibr\u00f3 con la emoci\u00f3n de m\u00e1s de 2.500 asistentes que este s\u00e1bado dieron vida a las finales de la <strong>Liga Saesa 2026<\/strong>.<\/p>\n<p style=\"text-align: justify;\">La fiesta deportiva comenz\u00f3 con el duelo de la categor\u00eda <strong>U13 <\/strong>entre CEB Puerto Montt y CDE Alem\u00e1n de Puerto Varas. En un encuentro disputado de principio a fin, el cuadro local supo imponer su intensidad y velocidad para quedarse con el triunfo por 51-44, dejando el trofeo en casa bajo la direcci\u00f3n t\u00e9cnica de Florencio Vargas.<\/p>\n<p style=\"text-align: justify;\">En el segundo turno, la categor\u00eda <strong>U15 <\/strong>ratific\u00f3 el dominio del due\u00f1o de casa. Puerto Montt B\u00e1squet despleg\u00f3 un gran juego colectivo y, respaldado por su masiva hinchada, derrot\u00f3 por 65-38 a un combativo Escolar Alem\u00e1n de Puerto Varas.<\/p>\n<p style=\"text-align: justify;\">La acci\u00f3n continu\u00f3 en la tarde con la final <strong>U17<\/strong>, donde ABA Ancud y Espa\u00f1ol de Osorno protagonizaron un choque de gran nivel en un repleto recinto y con miles de espectadores conectados a trav\u00e9s de la transmisi\u00f3n oficial en streaming. Tras una primera mitad pareja, los hispanos de Osorno aceleraron el ritmo en el complemento para sellar un s\u00f3lido 67-38 y levantar el t\u00edtulo.<\/p>\n<p style=\"text-align: justify;\">\n<h2 style=\"text-align: justify;\">Un cierre de jornada especial: El cl\u00e1sico puertovarino<\/h2>\n<p style=\"text-align: justify;\">El broche de oro de la temporada lleg\u00f3 con la final <strong>Adulta<\/strong>, un electrizante derbi entre Alem\u00e1n de Puerto Varas y Puerto Varas Basket. Ante un gimnasio completamente lleno y con un ambiente inigualable, ambos elencos brindaron un espect\u00e1culo de primer nivel t\u00e1ctico y f\u00edsico.<\/p>\n<p style=\"text-align: justify;\">\n<p style=\"text-align: justify;\">Guiados por la jerarqu\u00eda bajo el aro de Larry Guerrero y la s\u00f3lida direcci\u00f3n t\u00e1ctica desde la banca, los germanos resistieron la arremetida final del cuadro azulado \u2014liderado por Benjam\u00edn P\u00e9rez y Nicol\u00e1s Villagr\u00e1n\u2014, quienes lograron estrechar el marcador a m\u00ednima diferencia a falta de cinco minutos para el cierre. Con alta efectividad desde la l\u00ednea de tiros libres, Alem\u00e1n abroch\u00f3 una sufrida victoria por 77-73, consagr\u00e1ndose por primera vez en su historia campeones de la categor\u00eda adulta.<\/p>\n<p style=\"text-align: justify;\">Adem\u00e1s de la consagraci\u00f3n, el club de Puerto Varas celebr\u00f3 por partida doble al quedarse nuevamente con la <strong>Copa Saesa<\/strong>, galard\u00f3n que distingue al equipo con mejor rendimiento general de todo el torneo, repitiendo el hito conseguido en las ediciones 2024 y 2025.<\/p>\n","protected":false},"excerpt":{"rendered":"<p>El Gimnasio Municipal Mario Marchant Binder de Puerto Montt vibr\u00f3 con la emoci\u00f3n de m\u00e1s de 2.500 asistentes que este s\u00e1bado dieron vida a las finales de la Liga Saesa 2026. La fiesta deportiva comenz\u00f3 con el duelo de la categor\u00eda U13 entre CEB Puerto Montt y CDE Alem\u00e1n de Puerto Varas. En un encuentro [&hellip;]<\/p>\n","protected":false},"author":8,"featured_media":97349,"comment_status":"closed","ping_status":"closed","sticky":false,"template":"","format":"standard","meta":[],"categories":[1],"tags":[5],"jetpack_featured_media_url":"https:\/\/www.radiochiloe.cl\/wp-content\/uploads\/2026\/09\/IMG-20260831-WA0099.jpg","_links":{"self":[{"href":"https:\/\/www.radiochiloe.cl\/index.php?rest_route=\/wp\/v2\/posts\/97348"}],"collection":[{"href":"https:\/\/www.radiochiloe.cl\/index.php?rest_route=\/wp\/v2\/posts"}],"about":[{"href":"https:\/\/www.radiochiloe.cl\/index.php?rest_route=\/wp\/v2\/types\/post"}],"author":[{"embeddable":true,"href":"https:\/\/www.radiochiloe.cl\/index.php?rest_route=\/wp\/v2\/users\/8"}],"replies":[{"embeddable":true,"href":"https:\/\/www.radiochiloe.cl\/index.php?rest_route=%2Fwp%2Fv2%2Fcomments&post=97348"}],"version-history":[{"count":1,"href":"https:\/\/www.radiochiloe.cl\/index.php?rest_route=\/wp\/v2\/posts\/97348\/revisions"}],"predecessor-version":[{"id":97350,"href":"https:\/\/www.radiochiloe.cl\/index.php?rest_route=\/wp\/v2\/posts\/97348\/revisions\/97350"}],"wp:featuredmedia":[{"embeddable":true,"href":"https:\/\/www.radiochiloe.cl\/index.php?rest_route=\/wp\/v2\/media\/97349"}],"wp:attachment":[{"href":"https:\/\/www.radiochiloe.cl\/index.php?rest_route=%2Fwp%2Fv2%2Fmedia&parent=97348"}],"wp:term":[{"taxonomy":"category","embeddable":true,"href":"https:\/\/www.radiochiloe.cl\/index.php?rest_route=%2Fwp%2Fv2%2Fcategories&post=97348"},{"taxonomy":"post_tag","embeddable":true,"href":"https:\/\/www.radiochiloe.cl\/index.php?rest_route=%2Fwp%2Fv2%2Ftags&post=97348"}],"curies":[{"name":"wp","href":"https:\/\/api.w.org\/{rel}","templated":true}]}}