{"id":97351,"date":"2026-09-01T16:22:48","date_gmt":"2026-09-01T19:22:48","guid":{"rendered":"https:\/\/www.radiochiloe.cl\/?p=97351"},"modified":"2026-09-01T16:22:48","modified_gmt":"2026-09-01T19:22:48","slug":"atletas-castrenos-traen-triunfos-desde-maullin","status":"publish","type":"post","link":"https:\/\/www.radiochiloe.cl\/?p=97351","title":{"rendered":"Atletas castre\u00f1os traen triunfos desde Maull\u00edn"},"content":{"rendered":"<p style=\"text-align: justify;\">El Club Atl\u00e9tico Maull\u00edn organiz\u00f3 un campeonato en el cual compitieron integrantes del club Atletismo de Castro con los siguientes resultados:<\/p>\n<p style=\"text-align: justify;\">\n<p style=\"text-align: justify;\">U 10 varones Agust\u00edn Vargas.<\/p>\n<p style=\"text-align: justify;\">4to lugar 50mts planos<\/p>\n<p style=\"text-align: justify;\">5to lugar 200 mts planos.<\/p>\n<p style=\"text-align: justify;\">\n<p style=\"text-align: justify;\">U12 Varones Renato S\u00e1nchez.<\/p>\n<p style=\"text-align: justify;\">Primer lugar 60 mts planos y 300 mts planos.<\/p>\n<p style=\"text-align: justify;\">\n<p style=\"text-align: justify;\">U14 damas Leonor Gra\u00f1as.<\/p>\n<p style=\"text-align: justify;\">80 mts planos<\/p>\n<p style=\"text-align: justify;\">300 mts planos.<\/p>\n<p style=\"text-align: justify;\">\n<p style=\"text-align: justify;\">U16 Damas<\/p>\n<p style=\"text-align: justify;\">Josefa Mancilla.<\/p>\n<p style=\"text-align: justify;\">1er lugar bala y disco.<\/p>\n<p style=\"text-align: justify;\">\n<p style=\"text-align: justify;\">Catalina Hemmelmann.<\/p>\n<p style=\"text-align: justify;\">2do lugar bala y disco.<\/p>\n<p style=\"text-align: justify;\">\n<p style=\"text-align: justify;\">Categor\u00eda Adulto damas Ignacia Chac\u00f3n.<\/p>\n<p style=\"text-align: justify;\">1er lugar lanzamiento disco y bala.<\/p>\n<p style=\"text-align: justify;\">\n<p style=\"text-align: justify;\">Adulto Varones<\/p>\n<p style=\"text-align: justify;\">Ruben Rosas.<\/p>\n<p style=\"text-align: justify;\">1er lugar salto largo y<\/p>\n<p style=\"text-align: justify;\">8vo lugar 100 mts planos.<\/p>\n<p style=\"text-align: justify;\">Benjam\u00edn Alvarado 7mo lugar 200 mts planos y excelente participaci\u00f3n en 100 mts planos.<\/p>\n<p style=\"text-align: justify;\">\n<p style=\"text-align: justify;\">Participaci\u00f3n en 100 y 200 mts planos Joaquin Vera, Isaias Saucedo y Leonardo Andrade.<\/p>\n","protected":false},"excerpt":{"rendered":"<p>El Club Atl\u00e9tico Maull\u00edn organiz\u00f3 un campeonato en el cual compitieron integrantes del club Atletismo de Castro con los siguientes resultados: U 10 varones Agust\u00edn Vargas. 4to lugar 50mts planos 5to lugar 200 mts planos. U12 Varones Renato S\u00e1nchez. Primer lugar 60 mts planos y 300 mts planos. U14 damas Leonor Gra\u00f1as. 80 mts planos [&hellip;]<\/p>\n","protected":false},"author":8,"featured_media":97352,"comment_status":"closed","ping_status":"closed","sticky":false,"template":"","format":"standard","meta":[],"categories":[1],"tags":[5],"jetpack_featured_media_url":"https:\/\/www.radiochiloe.cl\/wp-content\/uploads\/2026\/09\/FB_IMG_1788270450558.jpg","_links":{"self":[{"href":"https:\/\/www.radiochiloe.cl\/index.php?rest_route=\/wp\/v2\/posts\/97351"}],"collection":[{"href":"https:\/\/www.radiochiloe.cl\/index.php?rest_route=\/wp\/v2\/posts"}],"about":[{"href":"https:\/\/www.radiochiloe.cl\/index.php?rest_route=\/wp\/v2\/types\/post"}],"author":[{"embeddable":true,"href":"https:\/\/www.radiochiloe.cl\/index.php?rest_route=\/wp\/v2\/users\/8"}],"replies":[{"embeddable":true,"href":"https:\/\/www.radiochiloe.cl\/index.php?rest_route=%2Fwp%2Fv2%2Fcomments&post=97351"}],"version-history":[{"count":1,"href":"https:\/\/www.radiochiloe.cl\/index.php?rest_route=\/wp\/v2\/posts\/97351\/revisions"}],"predecessor-version":[{"id":97353,"href":"https:\/\/www.radiochiloe.cl\/index.php?rest_route=\/wp\/v2\/posts\/97351\/revisions\/97353"}],"wp:featuredmedia":[{"embeddable":true,"href":"https:\/\/www.radiochiloe.cl\/index.php?rest_route=\/wp\/v2\/media\/97352"}],"wp:attachment":[{"href":"https:\/\/www.radiochiloe.cl\/index.php?rest_route=%2Fwp%2Fv2%2Fmedia&parent=97351"}],"wp:term":[{"taxonomy":"category","embeddable":true,"href":"https:\/\/www.radiochiloe.cl\/index.php?rest_route=%2Fwp%2Fv2%2Fcategories&post=97351"},{"taxonomy":"post_tag","embeddable":true,"href":"https:\/\/www.radiochiloe.cl\/index.php?rest_route=%2Fwp%2Fv2%2Ftags&post=97351"}],"curies":[{"name":"wp","href":"https:\/\/api.w.org\/{rel}","templated":true}]}}